{"provider_url": "https://www.serafinacorrea.rs.leg.br", "title": "Celebra\u00e7\u00e3o dos 40 anos da APAE", "html": "<p style=\"text-align: justify; \">A tarde foi de reconhecimento ao trabalho desenvolvido pela APAE ao longo de quatro d\u00e9cadas no munic\u00edpio. Alunos atendidos pela institui\u00e7\u00e3o emocionaram o p\u00fablico com apresenta\u00e7\u00f5es que mostraram talento, supera\u00e7\u00e3o e o resultado do trabalho di\u00e1rio de professores e equipe multidisciplinar.</p>\r\n<p style=\"text-align: justify; \">Durante a cerim\u00f4nia, ex-diretores e ex-presidentes que fizeram parte da trajet\u00f3ria da APAE foram homenageados. A Homenagem foi em agradecimento pelos anos de trabalho e compromisso com a causa da pessoa com defici\u00eancia em Serafina Corr\u00eaa.</p>\r\n<p style=\"text-align: justify; \">A presidente da C\u00e2mara, Lucimar Zarpelon, destacou a import\u00e2ncia da APAE para a comunidade serafinense. \u201cS\u00e3o 40 anos de amor, cuidado e inclus\u00e3o. A APAE transforma vidas e o Poder Legislativo reconhece e apoia esse trabalho essencial. Estar aqui hoje \u00e9 reafirmar nosso compromisso com as pol\u00edticas p\u00fablicas que garantam direitos e dignidade \u00e0s pessoas com defici\u00eancia\u201d, afirmou.</p>\r\n<p style=\"text-align: justify; \">O evento contou ainda com a presen\u00e7a do Prefeito Daniel Morandi, de autoridades, familiares, volunt\u00e1rios e comunidade, que lotaram o espa\u00e7o para prestigiar a data hist\u00f3rica.</p>", "author_name": "", "version": "1.0", "author_url": "https://www.serafinacorrea.rs.leg.br/author/Alexandre", "provider_name": "Camara Municipal de Vereadores", "type": "rich"}